{"id":8049,"date":"2023-06-05T10:00:48","date_gmt":"2023-06-05T09:00:48","guid":{"rendered":"https:\/\/www.gonvarriagrotech.com\/?p=8049"},"modified":"2023-06-05T14:36:25","modified_gmt":"2023-06-05T13:36:25","slug":"gonvarri-agrotech-estara-en-greentech-amsterdam-2023","status":"publish","type":"post","link":"https:\/\/www.gonvarriagrotech.com\/es\/noticias\/gonvarri-agrotech-estara-en-greentech-amsterdam-2023\/","title":{"rendered":"Gonvarri Agrotech estar\u00e1 en GreenTech Amsterdam 2023"},"content":{"rendered":"<p>Aprovechando este 5 de junio, D\u00eda Mundial del Medio Ambiente, queremos anunciar que los d\u00edas 13, 14 y 15 de junio estaremos presentes en el \u00abcoraz\u00f3n del sector hortofrut\u00edcola\u00bb, <a href=\"https:\/\/www.greentech.nl\/amsterdam\/\">GreenTech<\/a> \u00c1msterdam 2023.<\/p>\n<p>Podr\u00e1 encontrarnos en nuestro stand 05.506 en el RAI Amsterdam donde le mostraremos nuestros productos y servicios m\u00e1s innovadores orientados #ForSustainableAgroindustry y muchas m\u00e1s sorpresas que le esperan.<\/p>\n<p>Echa un vistazo a un adelanto <a href=\"https:\/\/www.gonvarriagrotech.com\/es\/productos\/\">aqu\u00ed<\/a>.<\/p>\n<p>\u00a1Nos vemos all\u00ed!<\/p>\n","protected":false},"excerpt":{"rendered":"<p>Aprovechando este 5 de junio, D\u00eda Mundial del Medio Ambiente, queremos anunciar que los d\u00edas 13, 14 y 15 de junio estaremos presentes en el \u00abcoraz\u00f3n del sector hortofrut\u00edcola\u00bb, GreenTech \u00c1msterdam 2023. Podr\u00e1 encontrarnos en nuestro stand 05.506 en el RAI Amsterdam donde le mostraremos nuestros productos y servicios m\u00e1s innovadores orientados #ForSustainableAgroindustry y muchas [&hellip;]<\/p>\n","protected":false},"author":5,"featured_media":8053,"comment_status":"open","ping_status":"open","sticky":false,"template":"","format":"standard","meta":{"footnotes":""},"categories":[25],"tags":[],"class_list":["post-8049","post","type-post","status-publish","format-standard","has-post-thumbnail","hentry","category-noticias"],"yoast_head":"<!-- This site is optimized with the Yoast SEO plugin v21.5 - https:\/\/yoast.com\/wordpress\/plugins\/seo\/ -->\n<title>Gonvarri Agrotech estar\u00e1 en GreenTech Amsterdam 2023<\/title>\n<meta name=\"description\" content=\"Queremos anunciar que los d\u00edas 13, 14 y 15 de junio Gonvarri Agrotech estar\u00e1 presente en GreenTech \u00c1msterdam 2023.\" \/>\n<meta name=\"robots\" content=\"index, follow, max-snippet:-1, max-image-preview:large, max-video-preview:-1\" \/>\n<link rel=\"canonical\" href=\"https:\/\/www.gonvarriagrotech.com\/es\/noticias\/gonvarri-agrotech-estara-en-greentech-amsterdam-2023\/\" \/>\n<meta property=\"og:locale\" content=\"es_ES\" \/>\n<meta property=\"og:type\" content=\"article\" \/>\n<meta property=\"og:title\" content=\"Gonvarri Agrotech estar\u00e1 en GreenTech Amsterdam 2023\" \/>\n<meta property=\"og:description\" content=\"Queremos anunciar que los d\u00edas 13, 14 y 15 de junio Gonvarri Agrotech estar\u00e1 presente en GreenTech \u00c1msterdam 2023.\" \/>\n<meta property=\"og:url\" content=\"https:\/\/www.gonvarriagrotech.com\/es\/noticias\/gonvarri-agrotech-estara-en-greentech-amsterdam-2023\/\" \/>\n<meta property=\"og:site_name\" content=\"Gonvarri AgroTech\" \/>\n<meta property=\"article:published_time\" content=\"2023-06-05T09:00:48+00:00\" \/>\n<meta property=\"article:modified_time\" content=\"2023-06-05T13:36:25+00:00\" \/>\n<meta property=\"og:image\" content=\"https:\/\/www.gonvarriagrotech.com\/wp-content\/uploads\/2023\/06\/Agrotech.png\" \/>\n\t<meta property=\"og:image:width\" content=\"1280\" \/>\n\t<meta property=\"og:image:height\" content=\"960\" \/>\n\t<meta property=\"og:image:type\" content=\"image\/png\" \/>\n<meta name=\"author\" content=\"edtmktgnv\" \/>\n<meta name=\"twitter:card\" content=\"summary_large_image\" \/>\n<meta name=\"twitter:label1\" content=\"Escrito por\" \/>\n\t<meta name=\"twitter:data1\" content=\"edtmktgnv\" \/>\n\t<meta name=\"twitter:label2\" content=\"Tiempo de lectura\" \/>\n\t<meta name=\"twitter:data2\" content=\"1 minuto\" \/>\n<script type=\"application\/ld+json\" class=\"yoast-schema-graph\">{\"@context\":\"https:\/\/schema.org\",\"@graph\":[{\"@type\":\"Article\",\"@id\":\"https:\/\/www.gonvarriagrotech.com\/es\/noticias\/gonvarri-agrotech-estara-en-greentech-amsterdam-2023\/#article\",\"isPartOf\":{\"@id\":\"https:\/\/www.gonvarriagrotech.com\/es\/noticias\/gonvarri-agrotech-estara-en-greentech-amsterdam-2023\/\"},\"author\":{\"name\":\"edtmktgnv\",\"@id\":\"https:\/\/www.gonvarriagrotech.com\/en\/#\/schema\/person\/1bcac1eaf7bb894f6fea315e1987d465\"},\"headline\":\"Gonvarri Agrotech estar\u00e1 en GreenTech Amsterdam 2023\",\"datePublished\":\"2023-06-05T09:00:48+00:00\",\"dateModified\":\"2023-06-05T13:36:25+00:00\",\"mainEntityOfPage\":{\"@id\":\"https:\/\/www.gonvarriagrotech.com\/es\/noticias\/gonvarri-agrotech-estara-en-greentech-amsterdam-2023\/\"},\"wordCount\":76,\"commentCount\":0,\"publisher\":{\"@id\":\"https:\/\/www.gonvarriagrotech.com\/en\/#organization\"},\"articleSection\":[\"Noticias\"],\"inLanguage\":\"es\",\"potentialAction\":[{\"@type\":\"CommentAction\",\"name\":\"Comment\",\"target\":[\"https:\/\/www.gonvarriagrotech.com\/es\/noticias\/gonvarri-agrotech-estara-en-greentech-amsterdam-2023\/#respond\"]}]},{\"@type\":\"WebPage\",\"@id\":\"https:\/\/www.gonvarriagrotech.com\/es\/noticias\/gonvarri-agrotech-estara-en-greentech-amsterdam-2023\/\",\"url\":\"https:\/\/www.gonvarriagrotech.com\/es\/noticias\/gonvarri-agrotech-estara-en-greentech-amsterdam-2023\/\",\"name\":\"Gonvarri Agrotech estar\u00e1 en GreenTech Amsterdam 2023\",\"isPartOf\":{\"@id\":\"https:\/\/www.gonvarriagrotech.com\/en\/#website\"},\"datePublished\":\"2023-06-05T09:00:48+00:00\",\"dateModified\":\"2023-06-05T13:36:25+00:00\",\"description\":\"Queremos anunciar que los d\u00edas 13, 14 y 15 de junio Gonvarri Agrotech estar\u00e1 presente en GreenTech \u00c1msterdam 2023.\",\"breadcrumb\":{\"@id\":\"https:\/\/www.gonvarriagrotech.com\/es\/noticias\/gonvarri-agrotech-estara-en-greentech-amsterdam-2023\/#breadcrumb\"},\"inLanguage\":\"es\",\"potentialAction\":[{\"@type\":\"ReadAction\",\"target\":[\"https:\/\/www.gonvarriagrotech.com\/es\/noticias\/gonvarri-agrotech-estara-en-greentech-amsterdam-2023\/\"]}]},{\"@type\":\"BreadcrumbList\",\"@id\":\"https:\/\/www.gonvarriagrotech.com\/es\/noticias\/gonvarri-agrotech-estara-en-greentech-amsterdam-2023\/#breadcrumb\",\"itemListElement\":[{\"@type\":\"ListItem\",\"position\":1,\"name\":\"Home\",\"item\":\"https:\/\/www.gonvarriagrotech.com\/es\/\"},{\"@type\":\"ListItem\",\"position\":2,\"name\":\"Gonvarri Agrotech estar\u00e1 en GreenTech Amsterdam 2023\"}]},{\"@type\":\"WebSite\",\"@id\":\"https:\/\/www.gonvarriagrotech.com\/en\/#website\",\"url\":\"https:\/\/www.gonvarriagrotech.com\/en\/\",\"name\":\"Gonvarri Agrotech\",\"description\":\"GonvarriIndustries\",\"publisher\":{\"@id\":\"https:\/\/www.gonvarriagrotech.com\/en\/#organization\"},\"potentialAction\":[{\"@type\":\"SearchAction\",\"target\":{\"@type\":\"EntryPoint\",\"urlTemplate\":\"https:\/\/www.gonvarriagrotech.com\/en\/?s={search_term_string}\"},\"query-input\":\"required name=search_term_string\"}],\"inLanguage\":\"es\"},{\"@type\":\"Organization\",\"@id\":\"https:\/\/www.gonvarriagrotech.com\/en\/#organization\",\"name\":\"Gonvarri Agrotech\",\"url\":\"https:\/\/www.gonvarriagrotech.com\/en\/\",\"logo\":{\"@type\":\"ImageObject\",\"inLanguage\":\"es\",\"@id\":\"https:\/\/www.gonvarriagrotech.com\/en\/#\/schema\/logo\/image\/\",\"url\":\"https:\/\/www.gonvarriagrotech.com\/wp-content\/uploads\/2022\/12\/logo-agrotech.svg\",\"contentUrl\":\"https:\/\/www.gonvarriagrotech.com\/wp-content\/uploads\/2022\/12\/logo-agrotech.svg\",\"width\":380,\"height\":170,\"caption\":\"Gonvarri Agrotech\"},\"image\":{\"@id\":\"https:\/\/www.gonvarriagrotech.com\/en\/#\/schema\/logo\/image\/\"}},{\"@type\":\"Person\",\"@id\":\"https:\/\/www.gonvarriagrotech.com\/en\/#\/schema\/person\/1bcac1eaf7bb894f6fea315e1987d465\",\"name\":\"edtmktgnv\",\"image\":{\"@type\":\"ImageObject\",\"inLanguage\":\"es\",\"@id\":\"https:\/\/www.gonvarriagrotech.com\/en\/#\/schema\/person\/image\/\",\"url\":\"https:\/\/secure.gravatar.com\/avatar\/cbc55239cab79427c56f7d917c6158690815de37927116fe51b71df7ba62902a?s=96&d=mm&r=g\",\"contentUrl\":\"https:\/\/secure.gravatar.com\/avatar\/cbc55239cab79427c56f7d917c6158690815de37927116fe51b71df7ba62902a?s=96&d=mm&r=g\",\"caption\":\"edtmktgnv\"},\"url\":\"https:\/\/www.gonvarriagrotech.com\/es\/author\/edtmktgnv\/\"}]}<\/script>\n<!-- \/ Yoast SEO plugin. -->","yoast_head_json":{"title":"Gonvarri Agrotech estar\u00e1 en GreenTech Amsterdam 2023","description":"Queremos anunciar que los d\u00edas 13, 14 y 15 de junio Gonvarri Agrotech estar\u00e1 presente en GreenTech \u00c1msterdam 2023.","robots":{"index":"index","follow":"follow","max-snippet":"max-snippet:-1","max-image-preview":"max-image-preview:large","max-video-preview":"max-video-preview:-1"},"canonical":"https:\/\/www.gonvarriagrotech.com\/es\/noticias\/gonvarri-agrotech-estara-en-greentech-amsterdam-2023\/","og_locale":"es_ES","og_type":"article","og_title":"Gonvarri Agrotech estar\u00e1 en GreenTech Amsterdam 2023","og_description":"Queremos anunciar que los d\u00edas 13, 14 y 15 de junio Gonvarri Agrotech estar\u00e1 presente en GreenTech \u00c1msterdam 2023.","og_url":"https:\/\/www.gonvarriagrotech.com\/es\/noticias\/gonvarri-agrotech-estara-en-greentech-amsterdam-2023\/","og_site_name":"Gonvarri AgroTech","article_published_time":"2023-06-05T09:00:48+00:00","article_modified_time":"2023-06-05T13:36:25+00:00","og_image":[{"width":1280,"height":960,"url":"https:\/\/www.gonvarriagrotech.com\/wp-content\/uploads\/2023\/06\/Agrotech.png","type":"image\/png"}],"author":"edtmktgnv","twitter_card":"summary_large_image","twitter_misc":{"Escrito por":"edtmktgnv","Tiempo de lectura":"1 minuto"},"schema":{"@context":"https:\/\/schema.org","@graph":[{"@type":"Article","@id":"https:\/\/www.gonvarriagrotech.com\/es\/noticias\/gonvarri-agrotech-estara-en-greentech-amsterdam-2023\/#article","isPartOf":{"@id":"https:\/\/www.gonvarriagrotech.com\/es\/noticias\/gonvarri-agrotech-estara-en-greentech-amsterdam-2023\/"},"author":{"name":"edtmktgnv","@id":"https:\/\/www.gonvarriagrotech.com\/en\/#\/schema\/person\/1bcac1eaf7bb894f6fea315e1987d465"},"headline":"Gonvarri Agrotech estar\u00e1 en GreenTech Amsterdam 2023","datePublished":"2023-06-05T09:00:48+00:00","dateModified":"2023-06-05T13:36:25+00:00","mainEntityOfPage":{"@id":"https:\/\/www.gonvarriagrotech.com\/es\/noticias\/gonvarri-agrotech-estara-en-greentech-amsterdam-2023\/"},"wordCount":76,"commentCount":0,"publisher":{"@id":"https:\/\/www.gonvarriagrotech.com\/en\/#organization"},"articleSection":["Noticias"],"inLanguage":"es","potentialAction":[{"@type":"CommentAction","name":"Comment","target":["https:\/\/www.gonvarriagrotech.com\/es\/noticias\/gonvarri-agrotech-estara-en-greentech-amsterdam-2023\/#respond"]}]},{"@type":"WebPage","@id":"https:\/\/www.gonvarriagrotech.com\/es\/noticias\/gonvarri-agrotech-estara-en-greentech-amsterdam-2023\/","url":"https:\/\/www.gonvarriagrotech.com\/es\/noticias\/gonvarri-agrotech-estara-en-greentech-amsterdam-2023\/","name":"Gonvarri Agrotech estar\u00e1 en GreenTech Amsterdam 2023","isPartOf":{"@id":"https:\/\/www.gonvarriagrotech.com\/en\/#website"},"datePublished":"2023-06-05T09:00:48+00:00","dateModified":"2023-06-05T13:36:25+00:00","description":"Queremos anunciar que los d\u00edas 13, 14 y 15 de junio Gonvarri Agrotech estar\u00e1 presente en GreenTech \u00c1msterdam 2023.","breadcrumb":{"@id":"https:\/\/www.gonvarriagrotech.com\/es\/noticias\/gonvarri-agrotech-estara-en-greentech-amsterdam-2023\/#breadcrumb"},"inLanguage":"es","potentialAction":[{"@type":"ReadAction","target":["https:\/\/www.gonvarriagrotech.com\/es\/noticias\/gonvarri-agrotech-estara-en-greentech-amsterdam-2023\/"]}]},{"@type":"BreadcrumbList","@id":"https:\/\/www.gonvarriagrotech.com\/es\/noticias\/gonvarri-agrotech-estara-en-greentech-amsterdam-2023\/#breadcrumb","itemListElement":[{"@type":"ListItem","position":1,"name":"Home","item":"https:\/\/www.gonvarriagrotech.com\/es\/"},{"@type":"ListItem","position":2,"name":"Gonvarri Agrotech estar\u00e1 en GreenTech Amsterdam 2023"}]},{"@type":"WebSite","@id":"https:\/\/www.gonvarriagrotech.com\/en\/#website","url":"https:\/\/www.gonvarriagrotech.com\/en\/","name":"Gonvarri Agrotech","description":"GonvarriIndustries","publisher":{"@id":"https:\/\/www.gonvarriagrotech.com\/en\/#organization"},"potentialAction":[{"@type":"SearchAction","target":{"@type":"EntryPoint","urlTemplate":"https:\/\/www.gonvarriagrotech.com\/en\/?s={search_term_string}"},"query-input":"required name=search_term_string"}],"inLanguage":"es"},{"@type":"Organization","@id":"https:\/\/www.gonvarriagrotech.com\/en\/#organization","name":"Gonvarri Agrotech","url":"https:\/\/www.gonvarriagrotech.com\/en\/","logo":{"@type":"ImageObject","inLanguage":"es","@id":"https:\/\/www.gonvarriagrotech.com\/en\/#\/schema\/logo\/image\/","url":"https:\/\/www.gonvarriagrotech.com\/wp-content\/uploads\/2022\/12\/logo-agrotech.svg","contentUrl":"https:\/\/www.gonvarriagrotech.com\/wp-content\/uploads\/2022\/12\/logo-agrotech.svg","width":380,"height":170,"caption":"Gonvarri Agrotech"},"image":{"@id":"https:\/\/www.gonvarriagrotech.com\/en\/#\/schema\/logo\/image\/"}},{"@type":"Person","@id":"https:\/\/www.gonvarriagrotech.com\/en\/#\/schema\/person\/1bcac1eaf7bb894f6fea315e1987d465","name":"edtmktgnv","image":{"@type":"ImageObject","inLanguage":"es","@id":"https:\/\/www.gonvarriagrotech.com\/en\/#\/schema\/person\/image\/","url":"https:\/\/secure.gravatar.com\/avatar\/cbc55239cab79427c56f7d917c6158690815de37927116fe51b71df7ba62902a?s=96&d=mm&r=g","contentUrl":"https:\/\/secure.gravatar.com\/avatar\/cbc55239cab79427c56f7d917c6158690815de37927116fe51b71df7ba62902a?s=96&d=mm&r=g","caption":"edtmktgnv"},"url":"https:\/\/www.gonvarriagrotech.com\/es\/author\/edtmktgnv\/"}]}},"_links":{"self":[{"href":"https:\/\/www.gonvarriagrotech.com\/es\/wp-json\/wp\/v2\/posts\/8049","targetHints":{"allow":["GET"]}}],"collection":[{"href":"https:\/\/www.gonvarriagrotech.com\/es\/wp-json\/wp\/v2\/posts"}],"about":[{"href":"https:\/\/www.gonvarriagrotech.com\/es\/wp-json\/wp\/v2\/types\/post"}],"author":[{"embeddable":true,"href":"https:\/\/www.gonvarriagrotech.com\/es\/wp-json\/wp\/v2\/users\/5"}],"replies":[{"embeddable":true,"href":"https:\/\/www.gonvarriagrotech.com\/es\/wp-json\/wp\/v2\/comments?post=8049"}],"version-history":[{"count":1,"href":"https:\/\/www.gonvarriagrotech.com\/es\/wp-json\/wp\/v2\/posts\/8049\/revisions"}],"predecessor-version":[{"id":8050,"href":"https:\/\/www.gonvarriagrotech.com\/es\/wp-json\/wp\/v2\/posts\/8049\/revisions\/8050"}],"wp:featuredmedia":[{"embeddable":true,"href":"https:\/\/www.gonvarriagrotech.com\/es\/wp-json\/wp\/v2\/media\/8053"}],"wp:attachment":[{"href":"https:\/\/www.gonvarriagrotech.com\/es\/wp-json\/wp\/v2\/media?parent=8049"}],"wp:term":[{"taxonomy":"category","embeddable":true,"href":"https:\/\/www.gonvarriagrotech.com\/es\/wp-json\/wp\/v2\/categories?post=8049"},{"taxonomy":"post_tag","embeddable":true,"href":"https:\/\/www.gonvarriagrotech.com\/es\/wp-json\/wp\/v2\/tags?post=8049"}],"curies":[{"name":"wp","href":"https:\/\/api.w.org\/{rel}","templated":true}]}}