{"id":9712,"date":"2025-04-25T07:14:06","date_gmt":"2025-04-25T06:14:06","guid":{"rendered":"https:\/\/www.gonvarriagrotech.com\/?p=9712"},"modified":"2025-08-25T07:55:08","modified_gmt":"2025-08-25T06:55:08","slug":"gonvarri-agrotech-participa-en-nacionberries-impulso-al-cultivo-de-arandano-en-colombia","status":"publish","type":"post","link":"https:\/\/www.gonvarriagrotech.com\/es\/noticias\/gonvarri-agrotech-participa-en-nacionberries-impulso-al-cultivo-de-arandano-en-colombia\/","title":{"rendered":"Gonvarri Agrotech participa en Naci\u00f3nBerries: impulso al cultivo de ar\u00e1ndano en Colombia"},"content":{"rendered":"<p>La feria\u00a0<a href=\"https:\/\/nacionberries.com\/\"><strong>Naci\u00f3nBerries<\/strong><\/a>, celebrada en Bogot\u00e1 los d\u00edas 8 y 9 de abril, ha sido una plataforma clave para\u00a0<a href=\"https:\/\/www.gonvarriagrotech.com\/es\/\"><strong>Gonvarri Agrotech<\/strong><\/a>\u00a0en su estrategia de expansi\u00f3n en Latinoam\u00e9rica. Durante dos jornadas intensas, nuestro equipo tuvo la oportunidad de presentar soluciones innovadoras para el cultivo de ar\u00e1ndano, conectar con profesionales del sector y reafirmar nuestro compromiso con la\u00a0<strong>agricultura intensiva sostenible<\/strong>.<\/p>\n<h3><strong>Colombia: un mercado en crecimiento para el ar\u00e1ndano<\/strong><\/h3>\n<p>El pa\u00eds est\u00e1 viviendo un momento decisivo en el desarrollo de este cultivo. Seg\u00fan datos publicados por\u00a0<em>Forbes Colombia<\/em>, actualmente existen\u00a0<strong>650 hect\u00e1reas<\/strong>\u00a0de ar\u00e1ndano, pero se estima que para 2026 podr\u00edan alcanzar entre\u00a0<strong>3.000 y 5.000 hect\u00e1reas<\/strong>, lo que supondr\u00eda un crecimiento del\u00a0<strong>669%<\/strong>. Este avance se apoya en el potencial de nuevas zonas productivas como\u00a0<strong>Antioquia, Cauca, Eje Cafetero y Nari\u00f1o<\/strong>, adem\u00e1s de las ya consolidadas en\u00a0<strong>Bogot\u00e1 y Boyac\u00e1<\/strong>.<\/p>\n<p>En 2024, Colombia export\u00f3 m\u00e1s de\u00a0<strong>628.000 kg de ar\u00e1ndanos<\/strong>, con un valor superior a\u00a0<strong>3,3 millones de d\u00f3lares<\/strong>. Con el aumento de superficie cultivada y la calidad diferenciada del producto, se espera que las exportaciones crezcan de forma significativa, posicionando al pa\u00eds como proveedor estrat\u00e9gico en mercados como\u00a0<strong>Estados Unidos, Europa y Asia<\/strong>.<\/p>\n<h3><strong>Soluciones t\u00e9cnicas para una agricultura eficiente<\/strong><\/h3>\n<p>Desde Gonvarri Agrotech, apostamos por acompa\u00f1ar este crecimiento con\u00a0<strong>infraestructura especializada<\/strong>. Nuestros\u00a0<strong>invernaderos para ar\u00e1ndano<\/strong>\u00a0est\u00e1n dise\u00f1ados para responder a las necesidades del cultivo en condiciones intensivas, ofreciendo eficiencia, durabilidad y adaptaci\u00f3n al entorno.<\/p>\n<p>La participaci\u00f3n en Naci\u00f3nBerries nos ha permitido validar nuestra propuesta t\u00e9cnica, escuchar de primera mano las necesidades de los productores colombianos y volver con nuevas ideas y objetivos para seguir aportando valor.<\/p>\n<h3><strong>Gracias por acompa\u00f1arnos<\/strong><\/h3>\n<p>Queremos agradecer a todos los visitantes que se acercaron a nuestro stand, compartieron inquietudes y mostraron inter\u00e9s en nuestras soluciones. Volvemos con energ\u00eda renovada y grandes expectativas para seguir construyendo una agricultura m\u00e1s\u00a0<strong>productiva, sostenible y conectada con el futuro<\/strong>.<\/p>\n","protected":false},"excerpt":{"rendered":"<p>La feria\u00a0Naci\u00f3nBerries, celebrada en Bogot\u00e1 los d\u00edas 8 y 9 de abril, ha sido una plataforma clave para\u00a0Gonvarri Agrotech\u00a0en su estrategia de expansi\u00f3n en Latinoam\u00e9rica. Durante dos jornadas intensas, nuestro equipo tuvo la oportunidad de presentar soluciones innovadoras para el cultivo de ar\u00e1ndano, conectar con profesionales del sector y reafirmar nuestro compromiso con la\u00a0agricultura intensiva [&hellip;]<\/p>\n","protected":false},"author":5,"featured_media":0,"comment_status":"open","ping_status":"open","sticky":false,"template":"","format":"standard","meta":{"footnotes":""},"categories":[25],"tags":[],"class_list":["post-9712","post","type-post","status-publish","format-standard","hentry","category-noticias"],"yoast_head":"<!-- This site is optimized with the Yoast SEO plugin v21.5 - https:\/\/yoast.com\/wordpress\/plugins\/seo\/ -->\n<title>Gonvarri Agrotech participa en Naci\u00f3nBerries: impulso al cultivo de ar\u00e1ndano en Colombia | Gonvarri AgroTech<\/title>\n<meta name=\"robots\" content=\"index, follow, max-snippet:-1, max-image-preview:large, max-video-preview:-1\" \/>\n<link rel=\"canonical\" href=\"https:\/\/www.gonvarriagrotech.com\/es\/noticias\/gonvarri-agrotech-participa-en-nacionberries-impulso-al-cultivo-de-arandano-en-colombia\/\" \/>\n<meta property=\"og:locale\" content=\"es_ES\" \/>\n<meta property=\"og:type\" content=\"article\" \/>\n<meta property=\"og:title\" content=\"Gonvarri Agrotech participa en Naci\u00f3nBerries: impulso al cultivo de ar\u00e1ndano en Colombia | Gonvarri AgroTech\" \/>\n<meta property=\"og:description\" content=\"La feria\u00a0Naci\u00f3nBerries, celebrada en Bogot\u00e1 los d\u00edas 8 y 9 de abril, ha sido una plataforma clave para\u00a0Gonvarri Agrotech\u00a0en su estrategia de expansi\u00f3n en Latinoam\u00e9rica. Durante dos jornadas intensas, nuestro equipo tuvo la oportunidad de presentar soluciones innovadoras para el cultivo de ar\u00e1ndano, conectar con profesionales del sector y reafirmar nuestro compromiso con la\u00a0agricultura intensiva [&hellip;]\" \/>\n<meta property=\"og:url\" content=\"https:\/\/www.gonvarriagrotech.com\/es\/noticias\/gonvarri-agrotech-participa-en-nacionberries-impulso-al-cultivo-de-arandano-en-colombia\/\" \/>\n<meta property=\"og:site_name\" content=\"Gonvarri AgroTech\" \/>\n<meta property=\"article:published_time\" content=\"2025-04-25T06:14:06+00:00\" \/>\n<meta property=\"article:modified_time\" content=\"2025-08-25T06:55:08+00:00\" \/>\n<meta name=\"author\" content=\"edtmktgnv\" \/>\n<meta name=\"twitter:card\" content=\"summary_large_image\" \/>\n<meta name=\"twitter:label1\" content=\"Escrito por\" \/>\n\t<meta name=\"twitter:data1\" content=\"edtmktgnv\" \/>\n\t<meta name=\"twitter:label2\" content=\"Tiempo de lectura\" \/>\n\t<meta name=\"twitter:data2\" content=\"2 minutos\" \/>\n<script type=\"application\/ld+json\" class=\"yoast-schema-graph\">{\"@context\":\"https:\/\/schema.org\",\"@graph\":[{\"@type\":\"Article\",\"@id\":\"https:\/\/www.gonvarriagrotech.com\/es\/noticias\/gonvarri-agrotech-participa-en-nacionberries-impulso-al-cultivo-de-arandano-en-colombia\/#article\",\"isPartOf\":{\"@id\":\"https:\/\/www.gonvarriagrotech.com\/es\/noticias\/gonvarri-agrotech-participa-en-nacionberries-impulso-al-cultivo-de-arandano-en-colombia\/\"},\"author\":{\"name\":\"edtmktgnv\",\"@id\":\"https:\/\/www.gonvarriagrotech.com\/en\/#\/schema\/person\/1bcac1eaf7bb894f6fea315e1987d465\"},\"headline\":\"Gonvarri Agrotech participa en Naci\u00f3nBerries: impulso al cultivo de ar\u00e1ndano en Colombia\",\"datePublished\":\"2025-04-25T06:14:06+00:00\",\"dateModified\":\"2025-08-25T06:55:08+00:00\",\"mainEntityOfPage\":{\"@id\":\"https:\/\/www.gonvarriagrotech.com\/es\/noticias\/gonvarri-agrotech-participa-en-nacionberries-impulso-al-cultivo-de-arandano-en-colombia\/\"},\"wordCount\":346,\"commentCount\":0,\"publisher\":{\"@id\":\"https:\/\/www.gonvarriagrotech.com\/en\/#organization\"},\"articleSection\":[\"Noticias\"],\"inLanguage\":\"es\",\"potentialAction\":[{\"@type\":\"CommentAction\",\"name\":\"Comment\",\"target\":[\"https:\/\/www.gonvarriagrotech.com\/es\/noticias\/gonvarri-agrotech-participa-en-nacionberries-impulso-al-cultivo-de-arandano-en-colombia\/#respond\"]}]},{\"@type\":\"WebPage\",\"@id\":\"https:\/\/www.gonvarriagrotech.com\/es\/noticias\/gonvarri-agrotech-participa-en-nacionberries-impulso-al-cultivo-de-arandano-en-colombia\/\",\"url\":\"https:\/\/www.gonvarriagrotech.com\/es\/noticias\/gonvarri-agrotech-participa-en-nacionberries-impulso-al-cultivo-de-arandano-en-colombia\/\",\"name\":\"Gonvarri Agrotech participa en Naci\u00f3nBerries: impulso al cultivo de ar\u00e1ndano en Colombia | Gonvarri AgroTech\",\"isPartOf\":{\"@id\":\"https:\/\/www.gonvarriagrotech.com\/en\/#website\"},\"datePublished\":\"2025-04-25T06:14:06+00:00\",\"dateModified\":\"2025-08-25T06:55:08+00:00\",\"breadcrumb\":{\"@id\":\"https:\/\/www.gonvarriagrotech.com\/es\/noticias\/gonvarri-agrotech-participa-en-nacionberries-impulso-al-cultivo-de-arandano-en-colombia\/#breadcrumb\"},\"inLanguage\":\"es\",\"potentialAction\":[{\"@type\":\"ReadAction\",\"target\":[\"https:\/\/www.gonvarriagrotech.com\/es\/noticias\/gonvarri-agrotech-participa-en-nacionberries-impulso-al-cultivo-de-arandano-en-colombia\/\"]}]},{\"@type\":\"BreadcrumbList\",\"@id\":\"https:\/\/www.gonvarriagrotech.com\/es\/noticias\/gonvarri-agrotech-participa-en-nacionberries-impulso-al-cultivo-de-arandano-en-colombia\/#breadcrumb\",\"itemListElement\":[{\"@type\":\"ListItem\",\"position\":1,\"name\":\"Home\",\"item\":\"https:\/\/www.gonvarriagrotech.com\/es\/\"},{\"@type\":\"ListItem\",\"position\":2,\"name\":\"Gonvarri Agrotech participa en Naci\u00f3nBerries: impulso al cultivo de ar\u00e1ndano en Colombia\"}]},{\"@type\":\"WebSite\",\"@id\":\"https:\/\/www.gonvarriagrotech.com\/en\/#website\",\"url\":\"https:\/\/www.gonvarriagrotech.com\/en\/\",\"name\":\"Gonvarri Agrotech\",\"description\":\"GonvarriIndustries\",\"publisher\":{\"@id\":\"https:\/\/www.gonvarriagrotech.com\/en\/#organization\"},\"potentialAction\":[{\"@type\":\"SearchAction\",\"target\":{\"@type\":\"EntryPoint\",\"urlTemplate\":\"https:\/\/www.gonvarriagrotech.com\/en\/?s={search_term_string}\"},\"query-input\":\"required name=search_term_string\"}],\"inLanguage\":\"es\"},{\"@type\":\"Organization\",\"@id\":\"https:\/\/www.gonvarriagrotech.com\/en\/#organization\",\"name\":\"Gonvarri Agrotech\",\"url\":\"https:\/\/www.gonvarriagrotech.com\/en\/\",\"logo\":{\"@type\":\"ImageObject\",\"inLanguage\":\"es\",\"@id\":\"https:\/\/www.gonvarriagrotech.com\/en\/#\/schema\/logo\/image\/\",\"url\":\"https:\/\/www.gonvarriagrotech.com\/wp-content\/uploads\/2022\/12\/logo-agrotech.svg\",\"contentUrl\":\"https:\/\/www.gonvarriagrotech.com\/wp-content\/uploads\/2022\/12\/logo-agrotech.svg\",\"width\":380,\"height\":170,\"caption\":\"Gonvarri Agrotech\"},\"image\":{\"@id\":\"https:\/\/www.gonvarriagrotech.com\/en\/#\/schema\/logo\/image\/\"}},{\"@type\":\"Person\",\"@id\":\"https:\/\/www.gonvarriagrotech.com\/en\/#\/schema\/person\/1bcac1eaf7bb894f6fea315e1987d465\",\"name\":\"edtmktgnv\",\"image\":{\"@type\":\"ImageObject\",\"inLanguage\":\"es\",\"@id\":\"https:\/\/www.gonvarriagrotech.com\/en\/#\/schema\/person\/image\/\",\"url\":\"https:\/\/secure.gravatar.com\/avatar\/cbc55239cab79427c56f7d917c6158690815de37927116fe51b71df7ba62902a?s=96&d=mm&r=g\",\"contentUrl\":\"https:\/\/secure.gravatar.com\/avatar\/cbc55239cab79427c56f7d917c6158690815de37927116fe51b71df7ba62902a?s=96&d=mm&r=g\",\"caption\":\"edtmktgnv\"},\"url\":\"https:\/\/www.gonvarriagrotech.com\/es\/author\/edtmktgnv\/\"}]}<\/script>\n<!-- \/ Yoast SEO plugin. -->","yoast_head_json":{"title":"Gonvarri Agrotech participa en Naci\u00f3nBerries: impulso al cultivo de ar\u00e1ndano en Colombia | Gonvarri AgroTech","robots":{"index":"index","follow":"follow","max-snippet":"max-snippet:-1","max-image-preview":"max-image-preview:large","max-video-preview":"max-video-preview:-1"},"canonical":"https:\/\/www.gonvarriagrotech.com\/es\/noticias\/gonvarri-agrotech-participa-en-nacionberries-impulso-al-cultivo-de-arandano-en-colombia\/","og_locale":"es_ES","og_type":"article","og_title":"Gonvarri Agrotech participa en Naci\u00f3nBerries: impulso al cultivo de ar\u00e1ndano en Colombia | Gonvarri AgroTech","og_description":"La feria\u00a0Naci\u00f3nBerries, celebrada en Bogot\u00e1 los d\u00edas 8 y 9 de abril, ha sido una plataforma clave para\u00a0Gonvarri Agrotech\u00a0en su estrategia de expansi\u00f3n en Latinoam\u00e9rica. Durante dos jornadas intensas, nuestro equipo tuvo la oportunidad de presentar soluciones innovadoras para el cultivo de ar\u00e1ndano, conectar con profesionales del sector y reafirmar nuestro compromiso con la\u00a0agricultura intensiva [&hellip;]","og_url":"https:\/\/www.gonvarriagrotech.com\/es\/noticias\/gonvarri-agrotech-participa-en-nacionberries-impulso-al-cultivo-de-arandano-en-colombia\/","og_site_name":"Gonvarri AgroTech","article_published_time":"2025-04-25T06:14:06+00:00","article_modified_time":"2025-08-25T06:55:08+00:00","author":"edtmktgnv","twitter_card":"summary_large_image","twitter_misc":{"Escrito por":"edtmktgnv","Tiempo de lectura":"2 minutos"},"schema":{"@context":"https:\/\/schema.org","@graph":[{"@type":"Article","@id":"https:\/\/www.gonvarriagrotech.com\/es\/noticias\/gonvarri-agrotech-participa-en-nacionberries-impulso-al-cultivo-de-arandano-en-colombia\/#article","isPartOf":{"@id":"https:\/\/www.gonvarriagrotech.com\/es\/noticias\/gonvarri-agrotech-participa-en-nacionberries-impulso-al-cultivo-de-arandano-en-colombia\/"},"author":{"name":"edtmktgnv","@id":"https:\/\/www.gonvarriagrotech.com\/en\/#\/schema\/person\/1bcac1eaf7bb894f6fea315e1987d465"},"headline":"Gonvarri Agrotech participa en Naci\u00f3nBerries: impulso al cultivo de ar\u00e1ndano en Colombia","datePublished":"2025-04-25T06:14:06+00:00","dateModified":"2025-08-25T06:55:08+00:00","mainEntityOfPage":{"@id":"https:\/\/www.gonvarriagrotech.com\/es\/noticias\/gonvarri-agrotech-participa-en-nacionberries-impulso-al-cultivo-de-arandano-en-colombia\/"},"wordCount":346,"commentCount":0,"publisher":{"@id":"https:\/\/www.gonvarriagrotech.com\/en\/#organization"},"articleSection":["Noticias"],"inLanguage":"es","potentialAction":[{"@type":"CommentAction","name":"Comment","target":["https:\/\/www.gonvarriagrotech.com\/es\/noticias\/gonvarri-agrotech-participa-en-nacionberries-impulso-al-cultivo-de-arandano-en-colombia\/#respond"]}]},{"@type":"WebPage","@id":"https:\/\/www.gonvarriagrotech.com\/es\/noticias\/gonvarri-agrotech-participa-en-nacionberries-impulso-al-cultivo-de-arandano-en-colombia\/","url":"https:\/\/www.gonvarriagrotech.com\/es\/noticias\/gonvarri-agrotech-participa-en-nacionberries-impulso-al-cultivo-de-arandano-en-colombia\/","name":"Gonvarri Agrotech participa en Naci\u00f3nBerries: impulso al cultivo de ar\u00e1ndano en Colombia | Gonvarri AgroTech","isPartOf":{"@id":"https:\/\/www.gonvarriagrotech.com\/en\/#website"},"datePublished":"2025-04-25T06:14:06+00:00","dateModified":"2025-08-25T06:55:08+00:00","breadcrumb":{"@id":"https:\/\/www.gonvarriagrotech.com\/es\/noticias\/gonvarri-agrotech-participa-en-nacionberries-impulso-al-cultivo-de-arandano-en-colombia\/#breadcrumb"},"inLanguage":"es","potentialAction":[{"@type":"ReadAction","target":["https:\/\/www.gonvarriagrotech.com\/es\/noticias\/gonvarri-agrotech-participa-en-nacionberries-impulso-al-cultivo-de-arandano-en-colombia\/"]}]},{"@type":"BreadcrumbList","@id":"https:\/\/www.gonvarriagrotech.com\/es\/noticias\/gonvarri-agrotech-participa-en-nacionberries-impulso-al-cultivo-de-arandano-en-colombia\/#breadcrumb","itemListElement":[{"@type":"ListItem","position":1,"name":"Home","item":"https:\/\/www.gonvarriagrotech.com\/es\/"},{"@type":"ListItem","position":2,"name":"Gonvarri Agrotech participa en Naci\u00f3nBerries: impulso al cultivo de ar\u00e1ndano en Colombia"}]},{"@type":"WebSite","@id":"https:\/\/www.gonvarriagrotech.com\/en\/#website","url":"https:\/\/www.gonvarriagrotech.com\/en\/","name":"Gonvarri Agrotech","description":"GonvarriIndustries","publisher":{"@id":"https:\/\/www.gonvarriagrotech.com\/en\/#organization"},"potentialAction":[{"@type":"SearchAction","target":{"@type":"EntryPoint","urlTemplate":"https:\/\/www.gonvarriagrotech.com\/en\/?s={search_term_string}"},"query-input":"required name=search_term_string"}],"inLanguage":"es"},{"@type":"Organization","@id":"https:\/\/www.gonvarriagrotech.com\/en\/#organization","name":"Gonvarri Agrotech","url":"https:\/\/www.gonvarriagrotech.com\/en\/","logo":{"@type":"ImageObject","inLanguage":"es","@id":"https:\/\/www.gonvarriagrotech.com\/en\/#\/schema\/logo\/image\/","url":"https:\/\/www.gonvarriagrotech.com\/wp-content\/uploads\/2022\/12\/logo-agrotech.svg","contentUrl":"https:\/\/www.gonvarriagrotech.com\/wp-content\/uploads\/2022\/12\/logo-agrotech.svg","width":380,"height":170,"caption":"Gonvarri Agrotech"},"image":{"@id":"https:\/\/www.gonvarriagrotech.com\/en\/#\/schema\/logo\/image\/"}},{"@type":"Person","@id":"https:\/\/www.gonvarriagrotech.com\/en\/#\/schema\/person\/1bcac1eaf7bb894f6fea315e1987d465","name":"edtmktgnv","image":{"@type":"ImageObject","inLanguage":"es","@id":"https:\/\/www.gonvarriagrotech.com\/en\/#\/schema\/person\/image\/","url":"https:\/\/secure.gravatar.com\/avatar\/cbc55239cab79427c56f7d917c6158690815de37927116fe51b71df7ba62902a?s=96&d=mm&r=g","contentUrl":"https:\/\/secure.gravatar.com\/avatar\/cbc55239cab79427c56f7d917c6158690815de37927116fe51b71df7ba62902a?s=96&d=mm&r=g","caption":"edtmktgnv"},"url":"https:\/\/www.gonvarriagrotech.com\/es\/author\/edtmktgnv\/"}]}},"_links":{"self":[{"href":"https:\/\/www.gonvarriagrotech.com\/es\/wp-json\/wp\/v2\/posts\/9712","targetHints":{"allow":["GET"]}}],"collection":[{"href":"https:\/\/www.gonvarriagrotech.com\/es\/wp-json\/wp\/v2\/posts"}],"about":[{"href":"https:\/\/www.gonvarriagrotech.com\/es\/wp-json\/wp\/v2\/types\/post"}],"author":[{"embeddable":true,"href":"https:\/\/www.gonvarriagrotech.com\/es\/wp-json\/wp\/v2\/users\/5"}],"replies":[{"embeddable":true,"href":"https:\/\/www.gonvarriagrotech.com\/es\/wp-json\/wp\/v2\/comments?post=9712"}],"version-history":[{"count":3,"href":"https:\/\/www.gonvarriagrotech.com\/es\/wp-json\/wp\/v2\/posts\/9712\/revisions"}],"predecessor-version":[{"id":9715,"href":"https:\/\/www.gonvarriagrotech.com\/es\/wp-json\/wp\/v2\/posts\/9712\/revisions\/9715"}],"wp:attachment":[{"href":"https:\/\/www.gonvarriagrotech.com\/es\/wp-json\/wp\/v2\/media?parent=9712"}],"wp:term":[{"taxonomy":"category","embeddable":true,"href":"https:\/\/www.gonvarriagrotech.com\/es\/wp-json\/wp\/v2\/categories?post=9712"},{"taxonomy":"post_tag","embeddable":true,"href":"https:\/\/www.gonvarriagrotech.com\/es\/wp-json\/wp\/v2\/tags?post=9712"}],"curies":[{"name":"wp","href":"https:\/\/api.w.org\/{rel}","templated":true}]}}