{"id":9000,"date":"2023-05-04T10:00:51","date_gmt":"2023-05-04T09:00:51","guid":{"rendered":"https:\/\/www.gonvarriagrotech.com\/?p=9000"},"modified":"2024-02-19T10:49:04","modified_gmt":"2024-02-19T09:49:04","slug":"associes-fondateurs-dagrocarrio","status":"publish","type":"post","link":"https:\/\/www.gonvarriagrotech.com\/fr\/non-classifiee\/associes-fondateurs-dagrocarrio\/","title":{"rendered":"Associ\u00e9s fondateurs d&rsquo;Agrocarrio"},"content":{"rendered":"<p><a href=\"https:\/\/www.gonvarriagrotech.com\/fr\/\">Gonvarri AgroTech<\/a> a particip\u00e9 en tant qu&rsquo;associ\u00e9 \u00e0 l&rsquo;assembl\u00e9e de constitution du Forum pour la Comp\u00e9titivit\u00e9 et la Durabilit\u00e9 de l&rsquo;Industrie Agroalimentaire, <a href=\"https:\/\/actualidad.asturias.es\/-\/el-principado-impulsa-el-proyecto-de-agrocarrio-como-polo-de-innovaci%C3%B3n-para-la-industria-agroalimentaria-asturiana\">Agrocarrio<\/a>, initi\u00e9 par SODECO, la Soci\u00e9t\u00e9 pour le D\u00e9veloppement des R\u00e9gions Mini\u00e8res, et par le Groupe HUNOSA dans les Asturies.<\/p>\n<p>Jorge P\u00e9rez Mu\u00f1oz, notre responsable du D\u00e9veloppement des Affaires chez Gonvarri AgroTech, a assist\u00e9 \u00e0 l&rsquo;assembl\u00e9e qui s&rsquo;est tenue au Centre d&rsquo;Innovation et de D\u00e9veloppement du Haut Nal\u00f3n \u00e0 Pola de Laviana pour signer l&rsquo;accord de participation.<\/p>\n<p>Depuis la branche agricole de Gonvarri Industries, nous soutenons la recherche dans des projets de serres de haute technologie bas\u00e9s sur une agriculture durable et nous sommes fiers de faire partie de cette initiative qui promouvra le d\u00e9veloppement des zones rurales.<\/p>\n","protected":false},"excerpt":{"rendered":"<p>Gonvarri AgroTech a particip\u00e9 en tant qu&rsquo;associ\u00e9 \u00e0 l&rsquo;assembl\u00e9e de constitution du Forum pour la Comp\u00e9titivit\u00e9 et la Durabilit\u00e9 de l&rsquo;Industrie Agroalimentaire, Agrocarrio, initi\u00e9 par SODECO, la Soci\u00e9t\u00e9 pour le D\u00e9veloppement des R\u00e9gions Mini\u00e8res, et par le Groupe HUNOSA dans les Asturies. Jorge P\u00e9rez Mu\u00f1oz, notre responsable du D\u00e9veloppement des Affaires chez Gonvarri AgroTech, a [&hellip;]<\/p>\n","protected":false},"author":5,"featured_media":8637,"comment_status":"open","ping_status":"open","sticky":false,"template":"","format":"standard","meta":{"footnotes":""},"categories":[28],"tags":[],"class_list":["post-9000","post","type-post","status-publish","format-standard","has-post-thumbnail","hentry","category-non-classifiee"],"yoast_head":"<!-- This site is optimized with the Yoast SEO plugin v21.5 - https:\/\/yoast.com\/wordpress\/plugins\/seo\/ -->\n<title>Associ\u00e9s fondateurs d&#039;Agrocarrio | Gonvarri AgroTech<\/title>\n<meta name=\"description\" content=\"Gonvarri AgroTech a particip\u00e9 en tant qu&#039;associ\u00e9 \u00e0 l&#039;assembl\u00e9e de constitution du Forum Agrocarrio.\" \/>\n<meta name=\"robots\" content=\"index, follow, max-snippet:-1, max-image-preview:large, max-video-preview:-1\" \/>\n<link rel=\"canonical\" href=\"https:\/\/www.gonvarriagrotech.com\/fr\/non-classifiee\/associes-fondateurs-dagrocarrio\/\" \/>\n<meta property=\"og:locale\" content=\"fr_FR\" \/>\n<meta property=\"og:type\" content=\"article\" \/>\n<meta property=\"og:title\" content=\"Associ\u00e9s fondateurs d&#039;Agrocarrio | Gonvarri AgroTech\" \/>\n<meta property=\"og:description\" content=\"Gonvarri AgroTech a particip\u00e9 en tant qu&#039;associ\u00e9 \u00e0 l&#039;assembl\u00e9e de constitution du Forum Agrocarrio.\" \/>\n<meta property=\"og:url\" content=\"https:\/\/www.gonvarriagrotech.com\/fr\/non-classifiee\/associes-fondateurs-dagrocarrio\/\" \/>\n<meta property=\"og:site_name\" content=\"Gonvarri AgroTech\" \/>\n<meta property=\"article:published_time\" content=\"2023-05-04T09:00:51+00:00\" \/>\n<meta property=\"article:modified_time\" content=\"2024-02-19T09:49:04+00:00\" \/>\n<meta property=\"og:image\" content=\"https:\/\/www.gonvarriagrotech.com\/wp-content\/uploads\/2023\/07\/1683193995331.jpg\" \/>\n\t<meta property=\"og:image:width\" content=\"2048\" \/>\n\t<meta property=\"og:image:height\" content=\"1175\" \/>\n\t<meta property=\"og:image:type\" content=\"image\/jpeg\" \/>\n<meta name=\"author\" content=\"edtmktgnv\" \/>\n<meta name=\"twitter:card\" content=\"summary_large_image\" \/>\n<meta name=\"twitter:label1\" content=\"\u00c9crit par\" \/>\n\t<meta name=\"twitter:data1\" content=\"edtmktgnv\" \/>\n\t<meta name=\"twitter:label2\" content=\"Dur\u00e9e de lecture estim\u00e9e\" \/>\n\t<meta name=\"twitter:data2\" content=\"1 minute\" \/>\n<script type=\"application\/ld+json\" class=\"yoast-schema-graph\">{\"@context\":\"https:\/\/schema.org\",\"@graph\":[{\"@type\":\"Article\",\"@id\":\"https:\/\/www.gonvarriagrotech.com\/fr\/non-classifiee\/associes-fondateurs-dagrocarrio\/#article\",\"isPartOf\":{\"@id\":\"https:\/\/www.gonvarriagrotech.com\/fr\/non-classifiee\/associes-fondateurs-dagrocarrio\/\"},\"author\":{\"name\":\"edtmktgnv\",\"@id\":\"https:\/\/www.gonvarriagrotech.com\/en\/#\/schema\/person\/1bcac1eaf7bb894f6fea315e1987d465\"},\"headline\":\"Associ\u00e9s fondateurs d&rsquo;Agrocarrio\",\"datePublished\":\"2023-05-04T09:00:51+00:00\",\"dateModified\":\"2024-02-19T09:49:04+00:00\",\"mainEntityOfPage\":{\"@id\":\"https:\/\/www.gonvarriagrotech.com\/fr\/non-classifiee\/associes-fondateurs-dagrocarrio\/\"},\"wordCount\":143,\"commentCount\":0,\"publisher\":{\"@id\":\"https:\/\/www.gonvarriagrotech.com\/en\/#organization\"},\"articleSection\":[\"Non classifi\u00e9(e)\"],\"inLanguage\":\"fr-FR\",\"potentialAction\":[{\"@type\":\"CommentAction\",\"name\":\"Comment\",\"target\":[\"https:\/\/www.gonvarriagrotech.com\/fr\/non-classifiee\/associes-fondateurs-dagrocarrio\/#respond\"]}]},{\"@type\":\"WebPage\",\"@id\":\"https:\/\/www.gonvarriagrotech.com\/fr\/non-classifiee\/associes-fondateurs-dagrocarrio\/\",\"url\":\"https:\/\/www.gonvarriagrotech.com\/fr\/non-classifiee\/associes-fondateurs-dagrocarrio\/\",\"name\":\"Associ\u00e9s fondateurs d'Agrocarrio | Gonvarri AgroTech\",\"isPartOf\":{\"@id\":\"https:\/\/www.gonvarriagrotech.com\/en\/#website\"},\"datePublished\":\"2023-05-04T09:00:51+00:00\",\"dateModified\":\"2024-02-19T09:49:04+00:00\",\"description\":\"Gonvarri AgroTech a particip\u00e9 en tant qu'associ\u00e9 \u00e0 l'assembl\u00e9e de constitution du Forum Agrocarrio.\",\"breadcrumb\":{\"@id\":\"https:\/\/www.gonvarriagrotech.com\/fr\/non-classifiee\/associes-fondateurs-dagrocarrio\/#breadcrumb\"},\"inLanguage\":\"fr-FR\",\"potentialAction\":[{\"@type\":\"ReadAction\",\"target\":[\"https:\/\/www.gonvarriagrotech.com\/fr\/non-classifiee\/associes-fondateurs-dagrocarrio\/\"]}]},{\"@type\":\"BreadcrumbList\",\"@id\":\"https:\/\/www.gonvarriagrotech.com\/fr\/non-classifiee\/associes-fondateurs-dagrocarrio\/#breadcrumb\",\"itemListElement\":[{\"@type\":\"ListItem\",\"position\":1,\"name\":\"Home\",\"item\":\"https:\/\/www.gonvarriagrotech.com\/fr\/\"},{\"@type\":\"ListItem\",\"position\":2,\"name\":\"Associ\u00e9s fondateurs d&#8217;Agrocarrio\"}]},{\"@type\":\"WebSite\",\"@id\":\"https:\/\/www.gonvarriagrotech.com\/en\/#website\",\"url\":\"https:\/\/www.gonvarriagrotech.com\/en\/\",\"name\":\"Gonvarri Agrotech\",\"description\":\"GonvarriIndustries\",\"publisher\":{\"@id\":\"https:\/\/www.gonvarriagrotech.com\/en\/#organization\"},\"potentialAction\":[{\"@type\":\"SearchAction\",\"target\":{\"@type\":\"EntryPoint\",\"urlTemplate\":\"https:\/\/www.gonvarriagrotech.com\/en\/?s={search_term_string}\"},\"query-input\":\"required name=search_term_string\"}],\"inLanguage\":\"fr-FR\"},{\"@type\":\"Organization\",\"@id\":\"https:\/\/www.gonvarriagrotech.com\/en\/#organization\",\"name\":\"Gonvarri Agrotech\",\"url\":\"https:\/\/www.gonvarriagrotech.com\/en\/\",\"logo\":{\"@type\":\"ImageObject\",\"inLanguage\":\"fr-FR\",\"@id\":\"https:\/\/www.gonvarriagrotech.com\/en\/#\/schema\/logo\/image\/\",\"url\":\"https:\/\/www.gonvarriagrotech.com\/wp-content\/uploads\/2022\/12\/logo-agrotech.svg\",\"contentUrl\":\"https:\/\/www.gonvarriagrotech.com\/wp-content\/uploads\/2022\/12\/logo-agrotech.svg\",\"width\":380,\"height\":170,\"caption\":\"Gonvarri Agrotech\"},\"image\":{\"@id\":\"https:\/\/www.gonvarriagrotech.com\/en\/#\/schema\/logo\/image\/\"}},{\"@type\":\"Person\",\"@id\":\"https:\/\/www.gonvarriagrotech.com\/en\/#\/schema\/person\/1bcac1eaf7bb894f6fea315e1987d465\",\"name\":\"edtmktgnv\",\"image\":{\"@type\":\"ImageObject\",\"inLanguage\":\"fr-FR\",\"@id\":\"https:\/\/www.gonvarriagrotech.com\/en\/#\/schema\/person\/image\/\",\"url\":\"https:\/\/secure.gravatar.com\/avatar\/cbc55239cab79427c56f7d917c6158690815de37927116fe51b71df7ba62902a?s=96&d=mm&r=g\",\"contentUrl\":\"https:\/\/secure.gravatar.com\/avatar\/cbc55239cab79427c56f7d917c6158690815de37927116fe51b71df7ba62902a?s=96&d=mm&r=g\",\"caption\":\"edtmktgnv\"},\"url\":\"https:\/\/www.gonvarriagrotech.com\/fr\/author\/edtmktgnv\/\"}]}<\/script>\n<!-- \/ Yoast SEO plugin. -->","yoast_head_json":{"title":"Associ\u00e9s fondateurs d'Agrocarrio | Gonvarri AgroTech","description":"Gonvarri AgroTech a particip\u00e9 en tant qu'associ\u00e9 \u00e0 l'assembl\u00e9e de constitution du Forum Agrocarrio.","robots":{"index":"index","follow":"follow","max-snippet":"max-snippet:-1","max-image-preview":"max-image-preview:large","max-video-preview":"max-video-preview:-1"},"canonical":"https:\/\/www.gonvarriagrotech.com\/fr\/non-classifiee\/associes-fondateurs-dagrocarrio\/","og_locale":"fr_FR","og_type":"article","og_title":"Associ\u00e9s fondateurs d'Agrocarrio | Gonvarri AgroTech","og_description":"Gonvarri AgroTech a particip\u00e9 en tant qu'associ\u00e9 \u00e0 l'assembl\u00e9e de constitution du Forum Agrocarrio.","og_url":"https:\/\/www.gonvarriagrotech.com\/fr\/non-classifiee\/associes-fondateurs-dagrocarrio\/","og_site_name":"Gonvarri AgroTech","article_published_time":"2023-05-04T09:00:51+00:00","article_modified_time":"2024-02-19T09:49:04+00:00","og_image":[{"width":2048,"height":1175,"url":"https:\/\/www.gonvarriagrotech.com\/wp-content\/uploads\/2023\/07\/1683193995331.jpg","type":"image\/jpeg"}],"author":"edtmktgnv","twitter_card":"summary_large_image","twitter_misc":{"\u00c9crit par":"edtmktgnv","Dur\u00e9e de lecture estim\u00e9e":"1 minute"},"schema":{"@context":"https:\/\/schema.org","@graph":[{"@type":"Article","@id":"https:\/\/www.gonvarriagrotech.com\/fr\/non-classifiee\/associes-fondateurs-dagrocarrio\/#article","isPartOf":{"@id":"https:\/\/www.gonvarriagrotech.com\/fr\/non-classifiee\/associes-fondateurs-dagrocarrio\/"},"author":{"name":"edtmktgnv","@id":"https:\/\/www.gonvarriagrotech.com\/en\/#\/schema\/person\/1bcac1eaf7bb894f6fea315e1987d465"},"headline":"Associ\u00e9s fondateurs d&rsquo;Agrocarrio","datePublished":"2023-05-04T09:00:51+00:00","dateModified":"2024-02-19T09:49:04+00:00","mainEntityOfPage":{"@id":"https:\/\/www.gonvarriagrotech.com\/fr\/non-classifiee\/associes-fondateurs-dagrocarrio\/"},"wordCount":143,"commentCount":0,"publisher":{"@id":"https:\/\/www.gonvarriagrotech.com\/en\/#organization"},"articleSection":["Non classifi\u00e9(e)"],"inLanguage":"fr-FR","potentialAction":[{"@type":"CommentAction","name":"Comment","target":["https:\/\/www.gonvarriagrotech.com\/fr\/non-classifiee\/associes-fondateurs-dagrocarrio\/#respond"]}]},{"@type":"WebPage","@id":"https:\/\/www.gonvarriagrotech.com\/fr\/non-classifiee\/associes-fondateurs-dagrocarrio\/","url":"https:\/\/www.gonvarriagrotech.com\/fr\/non-classifiee\/associes-fondateurs-dagrocarrio\/","name":"Associ\u00e9s fondateurs d'Agrocarrio | Gonvarri AgroTech","isPartOf":{"@id":"https:\/\/www.gonvarriagrotech.com\/en\/#website"},"datePublished":"2023-05-04T09:00:51+00:00","dateModified":"2024-02-19T09:49:04+00:00","description":"Gonvarri AgroTech a particip\u00e9 en tant qu'associ\u00e9 \u00e0 l'assembl\u00e9e de constitution du Forum Agrocarrio.","breadcrumb":{"@id":"https:\/\/www.gonvarriagrotech.com\/fr\/non-classifiee\/associes-fondateurs-dagrocarrio\/#breadcrumb"},"inLanguage":"fr-FR","potentialAction":[{"@type":"ReadAction","target":["https:\/\/www.gonvarriagrotech.com\/fr\/non-classifiee\/associes-fondateurs-dagrocarrio\/"]}]},{"@type":"BreadcrumbList","@id":"https:\/\/www.gonvarriagrotech.com\/fr\/non-classifiee\/associes-fondateurs-dagrocarrio\/#breadcrumb","itemListElement":[{"@type":"ListItem","position":1,"name":"Home","item":"https:\/\/www.gonvarriagrotech.com\/fr\/"},{"@type":"ListItem","position":2,"name":"Associ\u00e9s fondateurs d&#8217;Agrocarrio"}]},{"@type":"WebSite","@id":"https:\/\/www.gonvarriagrotech.com\/en\/#website","url":"https:\/\/www.gonvarriagrotech.com\/en\/","name":"Gonvarri Agrotech","description":"GonvarriIndustries","publisher":{"@id":"https:\/\/www.gonvarriagrotech.com\/en\/#organization"},"potentialAction":[{"@type":"SearchAction","target":{"@type":"EntryPoint","urlTemplate":"https:\/\/www.gonvarriagrotech.com\/en\/?s={search_term_string}"},"query-input":"required name=search_term_string"}],"inLanguage":"fr-FR"},{"@type":"Organization","@id":"https:\/\/www.gonvarriagrotech.com\/en\/#organization","name":"Gonvarri Agrotech","url":"https:\/\/www.gonvarriagrotech.com\/en\/","logo":{"@type":"ImageObject","inLanguage":"fr-FR","@id":"https:\/\/www.gonvarriagrotech.com\/en\/#\/schema\/logo\/image\/","url":"https:\/\/www.gonvarriagrotech.com\/wp-content\/uploads\/2022\/12\/logo-agrotech.svg","contentUrl":"https:\/\/www.gonvarriagrotech.com\/wp-content\/uploads\/2022\/12\/logo-agrotech.svg","width":380,"height":170,"caption":"Gonvarri Agrotech"},"image":{"@id":"https:\/\/www.gonvarriagrotech.com\/en\/#\/schema\/logo\/image\/"}},{"@type":"Person","@id":"https:\/\/www.gonvarriagrotech.com\/en\/#\/schema\/person\/1bcac1eaf7bb894f6fea315e1987d465","name":"edtmktgnv","image":{"@type":"ImageObject","inLanguage":"fr-FR","@id":"https:\/\/www.gonvarriagrotech.com\/en\/#\/schema\/person\/image\/","url":"https:\/\/secure.gravatar.com\/avatar\/cbc55239cab79427c56f7d917c6158690815de37927116fe51b71df7ba62902a?s=96&d=mm&r=g","contentUrl":"https:\/\/secure.gravatar.com\/avatar\/cbc55239cab79427c56f7d917c6158690815de37927116fe51b71df7ba62902a?s=96&d=mm&r=g","caption":"edtmktgnv"},"url":"https:\/\/www.gonvarriagrotech.com\/fr\/author\/edtmktgnv\/"}]}},"_links":{"self":[{"href":"https:\/\/www.gonvarriagrotech.com\/fr\/wp-json\/wp\/v2\/posts\/9000","targetHints":{"allow":["GET"]}}],"collection":[{"href":"https:\/\/www.gonvarriagrotech.com\/fr\/wp-json\/wp\/v2\/posts"}],"about":[{"href":"https:\/\/www.gonvarriagrotech.com\/fr\/wp-json\/wp\/v2\/types\/post"}],"author":[{"embeddable":true,"href":"https:\/\/www.gonvarriagrotech.com\/fr\/wp-json\/wp\/v2\/users\/5"}],"replies":[{"embeddable":true,"href":"https:\/\/www.gonvarriagrotech.com\/fr\/wp-json\/wp\/v2\/comments?post=9000"}],"version-history":[{"count":1,"href":"https:\/\/www.gonvarriagrotech.com\/fr\/wp-json\/wp\/v2\/posts\/9000\/revisions"}],"predecessor-version":[{"id":9001,"href":"https:\/\/www.gonvarriagrotech.com\/fr\/wp-json\/wp\/v2\/posts\/9000\/revisions\/9001"}],"wp:featuredmedia":[{"embeddable":true,"href":"https:\/\/www.gonvarriagrotech.com\/fr\/wp-json\/wp\/v2\/media\/8637"}],"wp:attachment":[{"href":"https:\/\/www.gonvarriagrotech.com\/fr\/wp-json\/wp\/v2\/media?parent=9000"}],"wp:term":[{"taxonomy":"category","embeddable":true,"href":"https:\/\/www.gonvarriagrotech.com\/fr\/wp-json\/wp\/v2\/categories?post=9000"},{"taxonomy":"post_tag","embeddable":true,"href":"https:\/\/www.gonvarriagrotech.com\/fr\/wp-json\/wp\/v2\/tags?post=9000"}],"curies":[{"name":"wp","href":"https:\/\/api.w.org\/{rel}","templated":true}]}}