{"id":9002,"date":"2023-06-05T10:00:48","date_gmt":"2023-06-05T09:00:48","guid":{"rendered":"https:\/\/www.gonvarriagrotech.com\/?p=9002"},"modified":"2024-02-19T10:52:01","modified_gmt":"2024-02-19T09:52:01","slug":"gonvarri-agrotech-sera-present-a-greentech-amsterdam-2023","status":"publish","type":"post","link":"https:\/\/www.gonvarriagrotech.com\/fr\/non-classifiee\/gonvarri-agrotech-sera-present-a-greentech-amsterdam-2023\/","title":{"rendered":"Gonvarri Agrotech sera pr\u00e9sent \u00e0 GreenTech Amsterdam 2023"},"content":{"rendered":"<p>Profitant de ce 5 juin, Journ\u00e9e mondiale de l&rsquo;environnement, nous sommes heureux d&rsquo;annoncer que les 13, 14 et 15 juin, nous serons pr\u00e9sents au \u00ab\u00a0c\u0153ur du secteur horticole\u00a0\u00bb, <a href=\"https:\/\/www.greentech.nl\/\">GreenTech<\/a> Amsterdam 2023.<\/p>\n<p>Vous pourrez nous trouver sur notre stand 05.506 au RAI Amsterdam o\u00f9 nous pr\u00e9senterons nos produits et services les plus innovants orient\u00e9s vers une agriculture durable (#ForSustainableAgroindustry) ainsi que de nombreuses autres surprises qui vous attendent.<\/p>\n<p>Jetez un \u0153il \u00e0 un avant-go\u00fbt ici.<\/p>\n<p>Nous vous y attendons avec impatience !<\/p>\n","protected":false},"excerpt":{"rendered":"<p>Profitant de ce 5 juin, Journ\u00e9e mondiale de l&rsquo;environnement, nous sommes heureux d&rsquo;annoncer que les 13, 14 et 15 juin, nous serons pr\u00e9sents au \u00ab\u00a0c\u0153ur du secteur horticole\u00a0\u00bb, GreenTech Amsterdam 2023. Vous pourrez nous trouver sur notre stand 05.506 au RAI Amsterdam o\u00f9 nous pr\u00e9senterons nos produits et services les plus innovants orient\u00e9s vers une [&hellip;]<\/p>\n","protected":false},"author":5,"featured_media":8470,"comment_status":"open","ping_status":"open","sticky":false,"template":"","format":"standard","meta":{"footnotes":""},"categories":[28],"tags":[],"class_list":["post-9002","post","type-post","status-publish","format-standard","has-post-thumbnail","hentry","category-non-classifiee"],"yoast_head":"<!-- This site is optimized with the Yoast SEO plugin v21.5 - https:\/\/yoast.com\/wordpress\/plugins\/seo\/ -->\n<title>Gonvarri Agrotech sera pr\u00e9sent \u00e0 GreenTech Amsterdam 2023 | Gonvarri AgroTech<\/title>\n<meta name=\"description\" content=\"Nous serons pr\u00e9sents au &quot;c\u0153ur du secteur horticole&quot;, GreenTech Amsterdam 2023.\" \/>\n<meta name=\"robots\" content=\"index, follow, max-snippet:-1, max-image-preview:large, max-video-preview:-1\" \/>\n<link rel=\"canonical\" href=\"https:\/\/www.gonvarriagrotech.com\/fr\/non-classifiee\/gonvarri-agrotech-sera-present-a-greentech-amsterdam-2023\/\" \/>\n<meta property=\"og:locale\" content=\"fr_FR\" \/>\n<meta property=\"og:type\" content=\"article\" \/>\n<meta property=\"og:title\" content=\"Gonvarri Agrotech sera pr\u00e9sent \u00e0 GreenTech Amsterdam 2023 | Gonvarri AgroTech\" \/>\n<meta property=\"og:description\" content=\"Nous serons pr\u00e9sents au &quot;c\u0153ur du secteur horticole&quot;, GreenTech Amsterdam 2023.\" \/>\n<meta property=\"og:url\" content=\"https:\/\/www.gonvarriagrotech.com\/fr\/non-classifiee\/gonvarri-agrotech-sera-present-a-greentech-amsterdam-2023\/\" \/>\n<meta property=\"og:site_name\" content=\"Gonvarri AgroTech\" \/>\n<meta property=\"article:published_time\" content=\"2023-06-05T09:00:48+00:00\" \/>\n<meta property=\"article:modified_time\" content=\"2024-02-19T09:52:01+00:00\" \/>\n<meta property=\"og:image\" content=\"https:\/\/www.gonvarriagrotech.com\/wp-content\/uploads\/2023\/01\/mesacultivo-e1708336283520.jpg\" \/>\n\t<meta property=\"og:image:width\" content=\"650\" \/>\n\t<meta property=\"og:image:height\" content=\"578\" \/>\n\t<meta property=\"og:image:type\" content=\"image\/jpeg\" \/>\n<meta name=\"author\" content=\"edtmktgnv\" \/>\n<meta name=\"twitter:card\" content=\"summary_large_image\" \/>\n<meta name=\"twitter:label1\" content=\"\u00c9crit par\" \/>\n\t<meta name=\"twitter:data1\" content=\"edtmktgnv\" \/>\n\t<meta name=\"twitter:label2\" content=\"Dur\u00e9e de lecture estim\u00e9e\" \/>\n\t<meta name=\"twitter:data2\" content=\"1 minute\" \/>\n<script type=\"application\/ld+json\" class=\"yoast-schema-graph\">{\"@context\":\"https:\/\/schema.org\",\"@graph\":[{\"@type\":\"Article\",\"@id\":\"https:\/\/www.gonvarriagrotech.com\/fr\/non-classifiee\/gonvarri-agrotech-sera-present-a-greentech-amsterdam-2023\/#article\",\"isPartOf\":{\"@id\":\"https:\/\/www.gonvarriagrotech.com\/fr\/non-classifiee\/gonvarri-agrotech-sera-present-a-greentech-amsterdam-2023\/\"},\"author\":{\"name\":\"edtmktgnv\",\"@id\":\"https:\/\/www.gonvarriagrotech.com\/en\/#\/schema\/person\/1bcac1eaf7bb894f6fea315e1987d465\"},\"headline\":\"Gonvarri Agrotech sera pr\u00e9sent \u00e0 GreenTech Amsterdam 2023\",\"datePublished\":\"2023-06-05T09:00:48+00:00\",\"dateModified\":\"2024-02-19T09:52:01+00:00\",\"mainEntityOfPage\":{\"@id\":\"https:\/\/www.gonvarriagrotech.com\/fr\/non-classifiee\/gonvarri-agrotech-sera-present-a-greentech-amsterdam-2023\/\"},\"wordCount\":88,\"commentCount\":0,\"publisher\":{\"@id\":\"https:\/\/www.gonvarriagrotech.com\/en\/#organization\"},\"articleSection\":[\"Non classifi\u00e9(e)\"],\"inLanguage\":\"fr-FR\",\"potentialAction\":[{\"@type\":\"CommentAction\",\"name\":\"Comment\",\"target\":[\"https:\/\/www.gonvarriagrotech.com\/fr\/non-classifiee\/gonvarri-agrotech-sera-present-a-greentech-amsterdam-2023\/#respond\"]}]},{\"@type\":\"WebPage\",\"@id\":\"https:\/\/www.gonvarriagrotech.com\/fr\/non-classifiee\/gonvarri-agrotech-sera-present-a-greentech-amsterdam-2023\/\",\"url\":\"https:\/\/www.gonvarriagrotech.com\/fr\/non-classifiee\/gonvarri-agrotech-sera-present-a-greentech-amsterdam-2023\/\",\"name\":\"Gonvarri Agrotech sera pr\u00e9sent \u00e0 GreenTech Amsterdam 2023 | Gonvarri AgroTech\",\"isPartOf\":{\"@id\":\"https:\/\/www.gonvarriagrotech.com\/en\/#website\"},\"datePublished\":\"2023-06-05T09:00:48+00:00\",\"dateModified\":\"2024-02-19T09:52:01+00:00\",\"description\":\"Nous serons pr\u00e9sents au \\\"c\u0153ur du secteur horticole\\\", GreenTech Amsterdam 2023.\",\"breadcrumb\":{\"@id\":\"https:\/\/www.gonvarriagrotech.com\/fr\/non-classifiee\/gonvarri-agrotech-sera-present-a-greentech-amsterdam-2023\/#breadcrumb\"},\"inLanguage\":\"fr-FR\",\"potentialAction\":[{\"@type\":\"ReadAction\",\"target\":[\"https:\/\/www.gonvarriagrotech.com\/fr\/non-classifiee\/gonvarri-agrotech-sera-present-a-greentech-amsterdam-2023\/\"]}]},{\"@type\":\"BreadcrumbList\",\"@id\":\"https:\/\/www.gonvarriagrotech.com\/fr\/non-classifiee\/gonvarri-agrotech-sera-present-a-greentech-amsterdam-2023\/#breadcrumb\",\"itemListElement\":[{\"@type\":\"ListItem\",\"position\":1,\"name\":\"Home\",\"item\":\"https:\/\/www.gonvarriagrotech.com\/fr\/\"},{\"@type\":\"ListItem\",\"position\":2,\"name\":\"Gonvarri Agrotech sera pr\u00e9sent \u00e0 GreenTech Amsterdam 2023\"}]},{\"@type\":\"WebSite\",\"@id\":\"https:\/\/www.gonvarriagrotech.com\/en\/#website\",\"url\":\"https:\/\/www.gonvarriagrotech.com\/en\/\",\"name\":\"Gonvarri Agrotech\",\"description\":\"GonvarriIndustries\",\"publisher\":{\"@id\":\"https:\/\/www.gonvarriagrotech.com\/en\/#organization\"},\"potentialAction\":[{\"@type\":\"SearchAction\",\"target\":{\"@type\":\"EntryPoint\",\"urlTemplate\":\"https:\/\/www.gonvarriagrotech.com\/en\/?s={search_term_string}\"},\"query-input\":\"required name=search_term_string\"}],\"inLanguage\":\"fr-FR\"},{\"@type\":\"Organization\",\"@id\":\"https:\/\/www.gonvarriagrotech.com\/en\/#organization\",\"name\":\"Gonvarri Agrotech\",\"url\":\"https:\/\/www.gonvarriagrotech.com\/en\/\",\"logo\":{\"@type\":\"ImageObject\",\"inLanguage\":\"fr-FR\",\"@id\":\"https:\/\/www.gonvarriagrotech.com\/en\/#\/schema\/logo\/image\/\",\"url\":\"https:\/\/www.gonvarriagrotech.com\/wp-content\/uploads\/2022\/12\/logo-agrotech.svg\",\"contentUrl\":\"https:\/\/www.gonvarriagrotech.com\/wp-content\/uploads\/2022\/12\/logo-agrotech.svg\",\"width\":380,\"height\":170,\"caption\":\"Gonvarri Agrotech\"},\"image\":{\"@id\":\"https:\/\/www.gonvarriagrotech.com\/en\/#\/schema\/logo\/image\/\"}},{\"@type\":\"Person\",\"@id\":\"https:\/\/www.gonvarriagrotech.com\/en\/#\/schema\/person\/1bcac1eaf7bb894f6fea315e1987d465\",\"name\":\"edtmktgnv\",\"image\":{\"@type\":\"ImageObject\",\"inLanguage\":\"fr-FR\",\"@id\":\"https:\/\/www.gonvarriagrotech.com\/en\/#\/schema\/person\/image\/\",\"url\":\"https:\/\/secure.gravatar.com\/avatar\/cbc55239cab79427c56f7d917c6158690815de37927116fe51b71df7ba62902a?s=96&d=mm&r=g\",\"contentUrl\":\"https:\/\/secure.gravatar.com\/avatar\/cbc55239cab79427c56f7d917c6158690815de37927116fe51b71df7ba62902a?s=96&d=mm&r=g\",\"caption\":\"edtmktgnv\"},\"url\":\"https:\/\/www.gonvarriagrotech.com\/fr\/author\/edtmktgnv\/\"}]}<\/script>\n<!-- \/ Yoast SEO plugin. -->","yoast_head_json":{"title":"Gonvarri Agrotech sera pr\u00e9sent \u00e0 GreenTech Amsterdam 2023 | Gonvarri AgroTech","description":"Nous serons pr\u00e9sents au \"c\u0153ur du secteur horticole\", GreenTech Amsterdam 2023.","robots":{"index":"index","follow":"follow","max-snippet":"max-snippet:-1","max-image-preview":"max-image-preview:large","max-video-preview":"max-video-preview:-1"},"canonical":"https:\/\/www.gonvarriagrotech.com\/fr\/non-classifiee\/gonvarri-agrotech-sera-present-a-greentech-amsterdam-2023\/","og_locale":"fr_FR","og_type":"article","og_title":"Gonvarri Agrotech sera pr\u00e9sent \u00e0 GreenTech Amsterdam 2023 | Gonvarri AgroTech","og_description":"Nous serons pr\u00e9sents au \"c\u0153ur du secteur horticole\", GreenTech Amsterdam 2023.","og_url":"https:\/\/www.gonvarriagrotech.com\/fr\/non-classifiee\/gonvarri-agrotech-sera-present-a-greentech-amsterdam-2023\/","og_site_name":"Gonvarri AgroTech","article_published_time":"2023-06-05T09:00:48+00:00","article_modified_time":"2024-02-19T09:52:01+00:00","og_image":[{"width":650,"height":578,"url":"https:\/\/www.gonvarriagrotech.com\/wp-content\/uploads\/2023\/01\/mesacultivo-e1708336283520.jpg","type":"image\/jpeg"}],"author":"edtmktgnv","twitter_card":"summary_large_image","twitter_misc":{"\u00c9crit par":"edtmktgnv","Dur\u00e9e de lecture estim\u00e9e":"1 minute"},"schema":{"@context":"https:\/\/schema.org","@graph":[{"@type":"Article","@id":"https:\/\/www.gonvarriagrotech.com\/fr\/non-classifiee\/gonvarri-agrotech-sera-present-a-greentech-amsterdam-2023\/#article","isPartOf":{"@id":"https:\/\/www.gonvarriagrotech.com\/fr\/non-classifiee\/gonvarri-agrotech-sera-present-a-greentech-amsterdam-2023\/"},"author":{"name":"edtmktgnv","@id":"https:\/\/www.gonvarriagrotech.com\/en\/#\/schema\/person\/1bcac1eaf7bb894f6fea315e1987d465"},"headline":"Gonvarri Agrotech sera pr\u00e9sent \u00e0 GreenTech Amsterdam 2023","datePublished":"2023-06-05T09:00:48+00:00","dateModified":"2024-02-19T09:52:01+00:00","mainEntityOfPage":{"@id":"https:\/\/www.gonvarriagrotech.com\/fr\/non-classifiee\/gonvarri-agrotech-sera-present-a-greentech-amsterdam-2023\/"},"wordCount":88,"commentCount":0,"publisher":{"@id":"https:\/\/www.gonvarriagrotech.com\/en\/#organization"},"articleSection":["Non classifi\u00e9(e)"],"inLanguage":"fr-FR","potentialAction":[{"@type":"CommentAction","name":"Comment","target":["https:\/\/www.gonvarriagrotech.com\/fr\/non-classifiee\/gonvarri-agrotech-sera-present-a-greentech-amsterdam-2023\/#respond"]}]},{"@type":"WebPage","@id":"https:\/\/www.gonvarriagrotech.com\/fr\/non-classifiee\/gonvarri-agrotech-sera-present-a-greentech-amsterdam-2023\/","url":"https:\/\/www.gonvarriagrotech.com\/fr\/non-classifiee\/gonvarri-agrotech-sera-present-a-greentech-amsterdam-2023\/","name":"Gonvarri Agrotech sera pr\u00e9sent \u00e0 GreenTech Amsterdam 2023 | Gonvarri AgroTech","isPartOf":{"@id":"https:\/\/www.gonvarriagrotech.com\/en\/#website"},"datePublished":"2023-06-05T09:00:48+00:00","dateModified":"2024-02-19T09:52:01+00:00","description":"Nous serons pr\u00e9sents au \"c\u0153ur du secteur horticole\", GreenTech Amsterdam 2023.","breadcrumb":{"@id":"https:\/\/www.gonvarriagrotech.com\/fr\/non-classifiee\/gonvarri-agrotech-sera-present-a-greentech-amsterdam-2023\/#breadcrumb"},"inLanguage":"fr-FR","potentialAction":[{"@type":"ReadAction","target":["https:\/\/www.gonvarriagrotech.com\/fr\/non-classifiee\/gonvarri-agrotech-sera-present-a-greentech-amsterdam-2023\/"]}]},{"@type":"BreadcrumbList","@id":"https:\/\/www.gonvarriagrotech.com\/fr\/non-classifiee\/gonvarri-agrotech-sera-present-a-greentech-amsterdam-2023\/#breadcrumb","itemListElement":[{"@type":"ListItem","position":1,"name":"Home","item":"https:\/\/www.gonvarriagrotech.com\/fr\/"},{"@type":"ListItem","position":2,"name":"Gonvarri Agrotech sera pr\u00e9sent \u00e0 GreenTech Amsterdam 2023"}]},{"@type":"WebSite","@id":"https:\/\/www.gonvarriagrotech.com\/en\/#website","url":"https:\/\/www.gonvarriagrotech.com\/en\/","name":"Gonvarri Agrotech","description":"GonvarriIndustries","publisher":{"@id":"https:\/\/www.gonvarriagrotech.com\/en\/#organization"},"potentialAction":[{"@type":"SearchAction","target":{"@type":"EntryPoint","urlTemplate":"https:\/\/www.gonvarriagrotech.com\/en\/?s={search_term_string}"},"query-input":"required name=search_term_string"}],"inLanguage":"fr-FR"},{"@type":"Organization","@id":"https:\/\/www.gonvarriagrotech.com\/en\/#organization","name":"Gonvarri Agrotech","url":"https:\/\/www.gonvarriagrotech.com\/en\/","logo":{"@type":"ImageObject","inLanguage":"fr-FR","@id":"https:\/\/www.gonvarriagrotech.com\/en\/#\/schema\/logo\/image\/","url":"https:\/\/www.gonvarriagrotech.com\/wp-content\/uploads\/2022\/12\/logo-agrotech.svg","contentUrl":"https:\/\/www.gonvarriagrotech.com\/wp-content\/uploads\/2022\/12\/logo-agrotech.svg","width":380,"height":170,"caption":"Gonvarri Agrotech"},"image":{"@id":"https:\/\/www.gonvarriagrotech.com\/en\/#\/schema\/logo\/image\/"}},{"@type":"Person","@id":"https:\/\/www.gonvarriagrotech.com\/en\/#\/schema\/person\/1bcac1eaf7bb894f6fea315e1987d465","name":"edtmktgnv","image":{"@type":"ImageObject","inLanguage":"fr-FR","@id":"https:\/\/www.gonvarriagrotech.com\/en\/#\/schema\/person\/image\/","url":"https:\/\/secure.gravatar.com\/avatar\/cbc55239cab79427c56f7d917c6158690815de37927116fe51b71df7ba62902a?s=96&d=mm&r=g","contentUrl":"https:\/\/secure.gravatar.com\/avatar\/cbc55239cab79427c56f7d917c6158690815de37927116fe51b71df7ba62902a?s=96&d=mm&r=g","caption":"edtmktgnv"},"url":"https:\/\/www.gonvarriagrotech.com\/fr\/author\/edtmktgnv\/"}]}},"_links":{"self":[{"href":"https:\/\/www.gonvarriagrotech.com\/fr\/wp-json\/wp\/v2\/posts\/9002","targetHints":{"allow":["GET"]}}],"collection":[{"href":"https:\/\/www.gonvarriagrotech.com\/fr\/wp-json\/wp\/v2\/posts"}],"about":[{"href":"https:\/\/www.gonvarriagrotech.com\/fr\/wp-json\/wp\/v2\/types\/post"}],"author":[{"embeddable":true,"href":"https:\/\/www.gonvarriagrotech.com\/fr\/wp-json\/wp\/v2\/users\/5"}],"replies":[{"embeddable":true,"href":"https:\/\/www.gonvarriagrotech.com\/fr\/wp-json\/wp\/v2\/comments?post=9002"}],"version-history":[{"count":1,"href":"https:\/\/www.gonvarriagrotech.com\/fr\/wp-json\/wp\/v2\/posts\/9002\/revisions"}],"predecessor-version":[{"id":9003,"href":"https:\/\/www.gonvarriagrotech.com\/fr\/wp-json\/wp\/v2\/posts\/9002\/revisions\/9003"}],"wp:featuredmedia":[{"embeddable":true,"href":"https:\/\/www.gonvarriagrotech.com\/fr\/wp-json\/wp\/v2\/media\/8470"}],"wp:attachment":[{"href":"https:\/\/www.gonvarriagrotech.com\/fr\/wp-json\/wp\/v2\/media?parent=9002"}],"wp:term":[{"taxonomy":"category","embeddable":true,"href":"https:\/\/www.gonvarriagrotech.com\/fr\/wp-json\/wp\/v2\/categories?post=9002"},{"taxonomy":"post_tag","embeddable":true,"href":"https:\/\/www.gonvarriagrotech.com\/fr\/wp-json\/wp\/v2\/tags?post=9002"}],"curies":[{"name":"wp","href":"https:\/\/api.w.org\/{rel}","templated":true}]}}